{"id":2302,"date":"2020-05-13T17:35:50","date_gmt":"2020-05-13T17:35:50","guid":{"rendered":"http:\/\/mag.inrameknes.info\/?p=2302"},"modified":"2020-05-13T17:41:45","modified_gmt":"2020-05-13T17:41:45","slug":"evaluation-de-la-periode-de-floraison-de-la-collection-damandier-prunus-amygdalus-batsch-installee-a-ain-taoujdate-par-hakim-outghouliast-ali-mamouni-et-mohamed-lahlou-inra-crr","status":"publish","type":"post","link":"https:\/\/mag.inrameknes.info\/?p=2302","title":{"rendered":"\u00c9VALUATION DE LA P\u00c9RIODE DE FLORAISON DE LA COLLECTION D\u2019AMANDIER (Prunus amygdalus Batsch) INSTALL\u00c9E AU DOMAINE EXP\u00c9RIMENTAL D&rsquo;AIN TAOUJDATE. Par Hakim Outghouliast, Ali Mamouni et Mohamed Lahlou (INRA \u2013 CRRA Mekn\u00e8s)"},"content":{"rendered":"<div id=\"attachment_2303\" style=\"width: 276px\" class=\"wp-caption alignleft\"><img loading=\"lazy\" decoding=\"async\" aria-describedby=\"caption-attachment-2303\" class=\"size-medium wp-image-2303\" title=\"Ir Hakim OUTGHOULIAST, Chercheur, Am\u00e9lioration g\u00e9n\u00e9tique des arbres fruitiers, URAPCRG-CRRA Mekn\u00e8s\" src=\"http:\/\/mag.inrameknes.info\/wp-content\/uploads\/2020\/05\/Hakim-OUTGHOULIAST-266x300.jpg\" alt=\"Ir Hakim OUTGHOULIAST, Chercheur, Am\u00e9lioration g\u00e9n\u00e9tique des arbres fruitiers, URAPCRG-CRRA Mekn\u00e8s\" width=\"266\" height=\"300\" srcset=\"https:\/\/mag.inrameknes.info\/wp-content\/uploads\/2020\/05\/Hakim-OUTGHOULIAST-266x300.jpg 266w, https:\/\/mag.inrameknes.info\/wp-content\/uploads\/2020\/05\/Hakim-OUTGHOULIAST.jpg 600w\" sizes=\"(max-width: 266px) 100vw, 266px\" \/><p id=\"caption-attachment-2303\" class=\"wp-caption-text\">Ir Hakim OUTGHOULIAST, Chercheur, Am\u00e9lioration g\u00e9n\u00e9tique des arbres fruitiers, URAPCRG-CRRA Mekn\u00e8s<\/p><\/div>\n<p>L&rsquo;amandier (<em>Prunus amygdalus <\/em>Batsch) est toujours consid\u00e9r\u00e9 comme la premi\u00e8re esp\u00e8ce fruiti\u00e8re \u00e0 fleurir et la date de floraison est g\u00e9n\u00e9ralement consid\u00e9r\u00e9e comme un caract\u00e8re quantitatif pour la majorit\u00e9 des cultivars d\u2019amandier. Dans les programmes d\u2019am\u00e9lioration g\u00e9n\u00e9tique entrepris dans le pourtour m\u00e9diterran\u00e9en, la floraison tardive a \u00e9t\u00e9 une caract\u00e9ristique recherch\u00e9e pour l&rsquo;amandier afin d\u2019\u00e9viter les risques de gel\u00e9e et d\u2019assurer des conditions de temp\u00e9rature favorables pour la pollinisation et la f\u00e9condation. Les perturbations m\u00e9t\u00e9orologiques, dont le r\u00e9chauffement climatique et la r\u00e9duction de la pluviom\u00e9trie \u00e0 l\u2019\u00e9chelle plan\u00e9taire, concernent \u00e9galement le Maroc. En effet une r\u00e9duction des disponibilit\u00e9s en froid n\u00e9cessaire \u00e0 la satisfaction des besoins thermiques des esp\u00e8ces arboricoles a \u00e9t\u00e9 enregistr\u00e9e durant certaines ann\u00e9es et les al\u00e9as climatiques, notamment la gel\u00e9e et la gr\u00eale, deviennent fr\u00e9quentes. Une collection de conservation d\u2019amandier a \u00e9t\u00e9 \u00e9tablie sur la base d\u2019introduction de vari\u00e9t\u00e9s \u00e9trang\u00e8res qui font l\u2019objet d\u2019\u00e9tude de comportement et d\u2019\u00e9valuation avant toute s\u00e9lection au sein de cette collection. L\u2019objectif assign\u00e9 \u00e0 cette investigation est d\u2019\u00e9valuer le comportement physiologique, en l\u2019occurrence les p\u00e9riodes de floraison de cette collection, en se focalisant essentiellement sur les vari\u00e9t\u00e9s \u00e0 floraison de saison\u00a0\u2018 Marcona\u2019 et son pollinisateur classique \u2018Fournat de breznaud\u2019, en plus du groupe de vari\u00e9t\u00e9s \u00e0 floraison tardive qui sont largement plant\u00e9es en amanderaies de production dans le bassin m\u00e9diterran\u00e9en.<!--more--><\/p>\n<div id=\"attachment_2304\" style=\"width: 610px\" class=\"wp-caption alignleft\"><img loading=\"lazy\" decoding=\"async\" aria-describedby=\"caption-attachment-2304\" class=\"size-large wp-image-2304\" title=\"Photo 1 : Photo 1 : Amandier en pleine floraison.\" src=\"http:\/\/mag.inrameknes.info\/wp-content\/uploads\/2020\/05\/photo-1-768x1024.jpg\" alt=\"Photo 1 : Photo 1 : Amandier en pleine floraison.\" width=\"600\" height=\"150\" \/><p id=\"caption-attachment-2304\" class=\"wp-caption-text\">Photo 1 : Photo 1 : Amandier en pleine floraison.<\/p><\/div>\n<p><strong>M\u00e9thodologie<\/strong><\/p>\n<p><strong><\/strong>Le mat\u00e9riel v\u00e9g\u00e9tal faisant l\u2019objet des observations de la p\u00e9riode de floraison est constitu\u00e9 des g\u00e9notypes de la collection d\u2019amandier du domaine exp\u00e9rimental Ain Taoujdate, \u00e0 raison de trois arbres par g\u00e9notype (e=3, E=5). Ces g\u00e9notypes ont \u00e9t\u00e9 greff\u00e9s sur le semis de \u2018Marcona\u2019 et conduits en sec. Les observations concernant le stade de floraison ont \u00e9t\u00e9 r\u00e9alis\u00e9es quotidiennement pendant toute la dur\u00e9e de floraison d\u2019amandier afin d\u2019\u00e9tablir le diagramme de floraison effectif des vari\u00e9t\u00e9s \u00e9tudi\u00e9es. L\u2019\u00e9poque de floraison a \u00e9t\u00e9 \u00e9valu\u00e9e visuellement selon des notations conformes \u00e0 l\u2019\u00e9chelle BBCH (c\u2019est quoi cette \u00e9chelle pour les non sp\u00e9cialistes\u00a0?) relative aux stades ph\u00e9nologiques des fruits \u00e0 noyaux. Les p\u00e9riodes de floraison ont \u00e9t\u00e9 not\u00e9es selon le calendrier gr\u00e9gorien.<\/p>\n<p><strong>R\u00e9sultats obtenus<\/strong><\/p>\n<p><strong><\/strong>La p\u00e9riode de floraison observ\u00e9e chez les diff\u00e9rentes vari\u00e9t\u00e9s (vari\u00e9t\u00e9s ou cultivars\u00a0? voir Figure 1) d\u2019amandier est \u00e9tal\u00e9e sur une dur\u00e9e totale de l\u2019ordre de 60 jours, avec un d\u00e9calage not\u00e9 entre ces vari\u00e9t\u00e9s. La premi\u00e8re accession d\u2019amandier (codifi\u00e9e 106-44-189-132) a fleuri le 14 Janvier, suivie de la vari\u00e9t\u00e9 \u2018Zaaf\u2019 le 22 janvier, alors que les derni\u00e8res ont fini leur floraison entre le 15 et le 22 mars 2018, \u00e0 savoir \u2018Ferragn\u00e8s\u2019, \u2018Ferralise 142\u2019, \u2018Stelleite\u2019, \u2018Tuono\u2019, \u2018Lauranne\u2019, \u2018Mandaline\u2019 et \u2018A4SF\u2019.<\/p>\n<p>La floraison chez la majorit\u00e9 des vari\u00e9t\u00e9s de la collection est concentr\u00e9e entre fin f\u00e9vrier et d\u00e9but mars. G\u00e9n\u00e9ralement, la floraison des vari\u00e9t\u00e9s \u00e0 floraison mi-pr\u00e9coce et mi-tardive a dur\u00e9e entre 15 \u00e0 17 jours alors qu\u2019elle a d\u00e9pass\u00e9 les 20 jours pour les vari\u00e9t\u00e9s pr\u00e9coces. Cela pourrait \u00eatre expliqu\u00e9 par l\u2019augmentation des temp\u00e9ratures \u00e0 partir de la fin du mois de f\u00e9vrier.<\/p>\n<div id=\"attachment_2313\" style=\"width: 612px\" class=\"wp-caption aligncenter\"><img loading=\"lazy\" decoding=\"async\" aria-describedby=\"caption-attachment-2313\" class=\"size-full wp-image-2313\" title=\"Figure 1 : Diagramme de floraison des principaux cultivars \u00e0 floraison pr\u00e9coce, moyenne et tardive.\" src=\"http:\/\/mag.inrameknes.info\/wp-content\/uploads\/2020\/05\/figure-1.png\" alt=\"Figure 1 : Diagramme de floraison des principaux cultivars \u00e0 floraison pr\u00e9coce, moyenne et tardive.\" width=\"602\" height=\"320\" srcset=\"https:\/\/mag.inrameknes.info\/wp-content\/uploads\/2020\/05\/figure-1.png 602w, https:\/\/mag.inrameknes.info\/wp-content\/uploads\/2020\/05\/figure-1-300x159.png 300w\" sizes=\"(max-width: 602px) 100vw, 602px\" \/><p id=\"caption-attachment-2313\" class=\"wp-caption-text\">Figure 1 : Diagramme de floraison des principaux cultivars \u00e0 floraison pr\u00e9coce, moyenne et tardive.<\/p><\/div>\n<p>La figure 1 montre le diagramme de floraison relatif \u00e0 deux groupes de vari\u00e9t\u00e9s faisant objet de cette \u00e9tude\u00a0: il s\u2019agit des vari\u00e9t\u00e9s \u00e0 floraison de saison et des vari\u00e9t\u00e9s \u00e0 floraison tardive. La vari\u00e9t\u00e9 \u2018Fournat de Breznaud\u2019 utilis\u00e9e en tant que pollinisateur n\u2019a pas une floraison parfaitement concordante avec celle de \u2018Marcona\u2019. En effet, la floraison de \u2018Marcona\u2019 d\u00e9bute le 16 f\u00e9vrier, tandis que \u2018Fournat de Breznaud\u2019 ne commence \u00e0 fleurir qu\u2019apr\u00e8s 12 jours (28 f\u00e9vrier). Par cons\u00e9quence, la pleine floraison de \u2018Marcona\u2019 se trouve d\u00e9cal\u00e9e du d\u00e9but de floraison de \u2018Fournat de Breznaud\u2019. De m\u00eame, la discordance de floraison a \u00e9t\u00e9 remarqu\u00e9e au niveau des vari\u00e9t\u00e9s \u00e0 floraison tardive surtout pour l\u2019association \u2018Ferragn\u00e8s\u2019 et \u2018Ferraduel\u2019, ayant montr\u00e9 un d\u00e9calage de quatre jours. N\u00e9anmoins, ce d\u00e9calage risquerait d\u2019\u00eatre plus allong\u00e9 dans les ann\u00e9es \u00e0 venir, en raison de l\u2019accentuation des effets des changements climatiques. Par cons\u00e9quent, une variabilit\u00e9 g\u00e9n\u00e9tique importante quant \u00e0 la p\u00e9riode de floraison a \u00e9t\u00e9 observ\u00e9e au niveau de la collection \u00e9tudi\u00e9e renfermant des cultivars et vari\u00e9t\u00e9s d\u2019amandier de diff\u00e9rentes origines g\u00e9ographiques pr\u00e9coces, de saison et tardives.<\/p>\n<p><strong>Conclusion<\/strong><\/p>\n<p><strong><\/strong>Le suivi et la caract\u00e9risation ph\u00e9nologique de la collection de vari\u00e9t\u00e9s d\u2019amandier de diff\u00e9rentes origines g\u00e9ographiques \u00e0 A\u00efn Taoujdate ont montr\u00e9 l\u2019importance de sa diversit\u00e9 g\u00e9n\u00e9tique. Les r\u00e9sultats de ce travail ont permis de s\u00e9lectionner cinq vari\u00e9t\u00e9s ayant une concordance de floraison avec \u2018Marcona\u2019\u00a0; il s\u2019agit de \u2018Ramellette N\u00b06\u2019, \u2018Tardy Non Pareil\u2019, \u2018MarcxArd\/7\u2019, \u2018Hana douma\u2019 et \u2018Douma 102\u2019. Ces vari\u00e9t\u00e9s qui peuvent \u00eatre des pollinisateurs potentiels pour \u2018Marcona\u2019, feront l\u2019objet d\u2019une \u00e9valuation de performance agronomique pour s\u00e9lectionner le meilleur g\u00e9notype \u00e0 m\u00eame d\u2019\u00eatre un pollinisateur sp\u00e9cifique de \u2018Marcona\u2019 et de proposer une nouvelle association vari\u00e9tale d\u2019amandier \u00e0 mettre en culture dans le futur. D\u2019autres vari\u00e9t\u00e9s \u00e0 floraison tardive qui s\u2019\u00e9chappent au probl\u00e8me de gel\u00e9es printani\u00e8res, \u00e0 savoir \u2018Lauranne\u2019, \u2018Tuono\u2019, \u2018Mandaline\u2019, \u2018Stelleite\u2019 et \u2018A4SF\u2019, sont retenues pour des \u00e9valuations additionnelles d\u2019autofertilit\u00e9 et de performance agronomique.<\/p>\n","protected":false},"excerpt":{"rendered":"<p>L&rsquo;amandier (Prunus amygdalus Batsch) est toujours consid\u00e9r\u00e9 comme la premi\u00e8re esp\u00e8ce fruiti\u00e8re \u00e0 fleurir et la date de floraison est g\u00e9n\u00e9ralement consid\u00e9r\u00e9e comme un caract\u00e8re quantitatif pour la majorit\u00e9 des cultivars d\u2019amandier. Dans les programmes d\u2019am\u00e9lioration g\u00e9n\u00e9tique entrepris dans le &hellip; <a href=\"https:\/\/mag.inrameknes.info\/?p=2302\">Continuer la lecture <span class=\"meta-nav\">&rarr;<\/span><\/a><\/p>\n","protected":false},"author":1,"featured_media":0,"comment_status":"closed","ping_status":"closed","sticky":false,"template":"","format":"standard","meta":{"footnotes":""},"categories":[11,27],"tags":[145,33,270,267,269,143,268,151,184],"_links":{"self":[{"href":"https:\/\/mag.inrameknes.info\/index.php?rest_route=\/wp\/v2\/posts\/2302"}],"collection":[{"href":"https:\/\/mag.inrameknes.info\/index.php?rest_route=\/wp\/v2\/posts"}],"about":[{"href":"https:\/\/mag.inrameknes.info\/index.php?rest_route=\/wp\/v2\/types\/post"}],"author":[{"embeddable":true,"href":"https:\/\/mag.inrameknes.info\/index.php?rest_route=\/wp\/v2\/users\/1"}],"replies":[{"embeddable":true,"href":"https:\/\/mag.inrameknes.info\/index.php?rest_route=%2Fwp%2Fv2%2Fcomments&post=2302"}],"version-history":[{"count":15,"href":"https:\/\/mag.inrameknes.info\/index.php?rest_route=\/wp\/v2\/posts\/2302\/revisions"}],"predecessor-version":[{"id":2356,"href":"https:\/\/mag.inrameknes.info\/index.php?rest_route=\/wp\/v2\/posts\/2302\/revisions\/2356"}],"wp:attachment":[{"href":"https:\/\/mag.inrameknes.info\/index.php?rest_route=%2Fwp%2Fv2%2Fmedia&parent=2302"}],"wp:term":[{"taxonomy":"category","embeddable":true,"href":"https:\/\/mag.inrameknes.info\/index.php?rest_route=%2Fwp%2Fv2%2Fcategories&post=2302"},{"taxonomy":"post_tag","embeddable":true,"href":"https:\/\/mag.inrameknes.info\/index.php?rest_route=%2Fwp%2Fv2%2Ftags&post=2302"}],"curies":[{"name":"wp","href":"https:\/\/api.w.org\/{rel}","templated":true}]}}