{"id":3221,"date":"2022-09-23T10:04:27","date_gmt":"2022-09-23T09:04:27","guid":{"rendered":"http:\/\/mag.inrameknes.info\/?p=3221"},"modified":"2023-01-23T15:11:10","modified_gmt":"2023-01-23T14:11:10","slug":"edito-9","status":"publish","type":"post","link":"http:\/\/mag.inrameknes.info\/?p=3221","title":{"rendered":"Edito"},"content":{"rendered":"<div id=\"attachment_2254\" style=\"width: 115px\" class=\"wp-caption alignleft\"><img loading=\"lazy\" decoding=\"async\" aria-describedby=\"caption-attachment-2254\" class=\"size-thumbnail wp-image-2254\" title=\"Dr Abderrahim Benta\u00efbi, Chef du CRRA Mekn\u00e8s\" src=\"http:\/\/mag.inrameknes.info\/wp-content\/uploads\/2020\/01\/IMG_7994-e1589369182624-105x130.jpg\" alt=\"Dr Abderrahim Benta\u00efbi, Chef du CRRA Mekn\u00e8s\" width=\"105\" height=\"130\" \/><p id=\"caption-attachment-2254\" class=\"wp-caption-text\">Dr Abderrahim Benta\u00efbi, Chef du CRRA Mekn\u00e8s<\/p><\/div>\n<p>C\u2019est une nouvelle campagne agricole qui s\u2019annonce sous les couleurs de l\u2019espoir et de l\u2019engagement en faveur d\u2019un d\u00e9veloppement agricole durable. Le Centre R\u00e9gional de la Recherche Agronomique de Mekn\u00e8s, fid\u00e8le \u00e0 sa tradition de production et de partage scientifiques, vous offre ainsi la pr\u00e9sente nouvelle \u00e9dition de \u00ab\u00a0<strong><em>INRA Mekn\u00e8s Magazine<\/em><\/strong>\u00a0\u00bb avec quatre articles pr\u00e9sentant les acquis de recherches r\u00e9centes concernant la protection des arbres fruitiers, la vigne en l\u2019occurrence, la valorisation du grenadier et la fertilit\u00e9 du sol dans des vergers d\u2019olivier.<\/p>\n<p><img loading=\"lazy\" decoding=\"async\" class=\"alignright size-medium wp-image-3222\" title=\"Feu Dr Abderrazzak Bendidi\" src=\"http:\/\/mag.inrameknes.info\/wp-content\/uploads\/2022\/09\/Feu-Dr-Abderrazzak-Bendidi-230x300.jpg\" alt=\"\" width=\"230\" height=\"300\" srcset=\"http:\/\/mag.inrameknes.info\/wp-content\/uploads\/2022\/09\/Feu-Dr-Abderrazzak-Bendidi-230x300.jpg 230w, http:\/\/mag.inrameknes.info\/wp-content\/uploads\/2022\/09\/Feu-Dr-Abderrazzak-Bendidi-e1663351678824-99x130.jpg 99w, http:\/\/mag.inrameknes.info\/wp-content\/uploads\/2022\/09\/Feu-Dr-Abderrazzak-Bendidi-786x1024.jpg 786w\" sizes=\"(max-width: 230px) 100vw, 230px\" \/>Le staff de recherche du CRRA Mekn\u00e8s ne peut ici que partager aussi sa lourde peine pour la perte de l\u2019un des siens, le chercheur Dr Abderrazak Bendidi, subitement disparu ce 11 ao\u00fbt 2022 \u00e0 l\u2019\u00e2ge de 56 ans seulement. Le d\u00e9funt avait rejoint l\u2019INRA en 1994 en tant que technicien de recherche. Faisant preuve d\u2019une forte ambition et d\u2019un grand amour pour la recherche, il engagea des \u00e9tudes dipl\u00f4mantes et obtint en 2006 le dipl\u00f4me d\u2019Ing\u00e9nieur Agronome de l\u2019ENA Mekn\u00e8s puis, dix ans plus tard, un Doctorat en biologie de la FS K\u00e9nitra. Les \u00e9tudes qu\u2019il a men\u00e9 en agro-physiologie furent ax\u00e9es sur la r\u00e9sistance du bl\u00e9 tendre au changement climatique. Puisse Allah l\u2019agr\u00e9er en sa sainte mis\u00e9ricorde.<\/p>\n<p>Je tiens aussi \u00e0 louer la grande valeur scientifique et humaine des deux autres chercheurs qui nous ont r\u00e9cemment quitt\u00e9 pour d\u00e9part \u00e0 la retraite. Il s\u2019agit du Dr El Hassan Achbani, ex Coordinateur de l\u2019Unit\u00e9 de Protection des Plantes du CRRA Mekn\u00e8s et du Dr Zine El Abidine Fatemi, g\u00e9n\u00e9ticien des l\u00e9gumineuses alimentaires. Je leur souhaite le meilleur des bonheurs dans leur vie professionnelle et familiale future.<\/p>\n<p>Le CRRA Mekn\u00e8s a enfin l\u2019honneur de gagner le concours de deux nouveaux arrivants\u00a0; les chercheurs Dr Reda M\u00e9ziani (Biotechnologie) et Dr Lahcen Hssaini (Technologie alimentaire). Je leur souhaite la bienvenue et le meilleur des succ\u00e8s.<\/p>\n","protected":false},"excerpt":{"rendered":"<p>C\u2019est une nouvelle campagne agricole qui s\u2019annonce sous les couleurs de l\u2019espoir et de l\u2019engagement en faveur d\u2019un d\u00e9veloppement agricole durable. Le Centre R\u00e9gional de la Recherche Agronomique de Mekn\u00e8s, fid\u00e8le \u00e0 sa tradition de production et de partage scientifiques, &hellip; <a href=\"http:\/\/mag.inrameknes.info\/?p=3221\">Continuer la lecture <span class=\"meta-nav\">&rarr;<\/span><\/a><\/p>\n","protected":false},"author":1,"featured_media":0,"comment_status":"closed","ping_status":"closed","sticky":false,"template":"","format":"standard","meta":{"footnotes":""},"categories":[6],"tags":[],"_links":{"self":[{"href":"http:\/\/mag.inrameknes.info\/index.php?rest_route=\/wp\/v2\/posts\/3221"}],"collection":[{"href":"http:\/\/mag.inrameknes.info\/index.php?rest_route=\/wp\/v2\/posts"}],"about":[{"href":"http:\/\/mag.inrameknes.info\/index.php?rest_route=\/wp\/v2\/types\/post"}],"author":[{"embeddable":true,"href":"http:\/\/mag.inrameknes.info\/index.php?rest_route=\/wp\/v2\/users\/1"}],"replies":[{"embeddable":true,"href":"http:\/\/mag.inrameknes.info\/index.php?rest_route=%2Fwp%2Fv2%2Fcomments&post=3221"}],"version-history":[{"count":5,"href":"http:\/\/mag.inrameknes.info\/index.php?rest_route=\/wp\/v2\/posts\/3221\/revisions"}],"predecessor-version":[{"id":3315,"href":"http:\/\/mag.inrameknes.info\/index.php?rest_route=\/wp\/v2\/posts\/3221\/revisions\/3315"}],"wp:attachment":[{"href":"http:\/\/mag.inrameknes.info\/index.php?rest_route=%2Fwp%2Fv2%2Fmedia&parent=3221"}],"wp:term":[{"taxonomy":"category","embeddable":true,"href":"http:\/\/mag.inrameknes.info\/index.php?rest_route=%2Fwp%2Fv2%2Fcategories&post=3221"},{"taxonomy":"post_tag","embeddable":true,"href":"http:\/\/mag.inrameknes.info\/index.php?rest_route=%2Fwp%2Fv2%2Ftags&post=3221"}],"curies":[{"name":"wp","href":"https:\/\/api.w.org\/{rel}","templated":true}]}}