{"id":2340,"date":"2020-05-13T17:36:19","date_gmt":"2020-05-13T17:36:19","guid":{"rendered":"http:\/\/mag.inrameknes.info\/?p=2340"},"modified":"2020-12-28T09:29:34","modified_gmt":"2020-12-28T09:29:34","slug":"edito-8","status":"publish","type":"post","link":"http:\/\/mag.inrameknes.info\/?p=2340","title":{"rendered":"Edito : la recherche agronomique \u00e0 l&rsquo;\u00e8re du digital"},"content":{"rendered":"<div id=\"attachment_2254\" style=\"width: 258px\" class=\"wp-caption alignleft\"><img loading=\"lazy\" decoding=\"async\" aria-describedby=\"caption-attachment-2254\" class=\"size-medium wp-image-2254\" title=\"Dr Abderrahim Benta\u00efbi, Chef du CRRA Mekn\u00e8s\" src=\"http:\/\/mag.inrameknes.info\/wp-content\/uploads\/2020\/01\/IMG_7994-248x300.jpg\" alt=\"Dr Abderrahim Benta\u00efbi, Chef du CRRA Mekn\u00e8s\" width=\"248\" height=\"300\" srcset=\"http:\/\/mag.inrameknes.info\/wp-content\/uploads\/2020\/01\/IMG_7994-248x300.jpg 248w, http:\/\/mag.inrameknes.info\/wp-content\/uploads\/2020\/01\/IMG_7994-849x1024.jpg 849w\" sizes=\"(max-width: 248px) 100vw, 248px\" \/><p id=\"caption-attachment-2254\" class=\"wp-caption-text\">Dr Abderrahim Benta\u00efbi, Chef du CRRA Mekn\u00e8s<\/p><\/div>\n<p>Bienvenue \u00e0 toutes les lectrices et \u00e0 tous les lecteurs, et bon ramadan, pour cette \u00e9dition de \u00ab<em><strong>\u00a0INRA Mekn\u00e8s Magazine\u00a0<\/strong><\/em>\u00bb diffus\u00e9e en confinement. Cette diffusion est en effet un autre t\u00e9moignage des derniers d\u00e9veloppements positifs qu\u2019enregistre notre nouveau mode de travail \u00e0 distance impos\u00e9 par les circonstances d\u00e9sastreuses que vit le monde entier depuis plus de quatre mois.<\/p>\n<p>D\u00e8s lors, le confinement qui entame son deuxi\u00e8me mois au Maroc, n\u2019est pas seulement une consigne de protection sanitaire mais surtout un nouvel \u00e9tat d\u2019esprit et d\u2019organisation du travail dont le slogan de base est \u00ab\u00a0La digitalisation\u00a0\u00bb. On s\u2019est ainsi tous rendu compte que la digitalisation n\u2019est plus un luxe mais une n\u00e9cessit\u00e9 imp\u00e9rieuse dans un monde en mutation technologique continue.<\/p>\n<p>Sous la conduite de sa nouvelle direction, la recherche agronomique n\u2019a pas \u00e9t\u00e9 du reste en d\u00e9ployant durant cette p\u00e9riode de confinement plusieurs actions, dont certaines ont \u00e9t\u00e9 entam\u00e9es auparavant, visant l\u2019exploitation de la plus-value offerte par les nouvelles technologies de l\u2019information et de la communication. Parmi ces actions on peut \u00e9num\u00e9rer l\u2019adoption de l\u2019objectif z\u00e9ro papier (sauf pour les proc\u00e9dures administratives et comptables de rigueur), l\u2019initiation du t\u00e9l\u00e9travail et l\u2019exploitation du potentiel de la visioconf\u00e9rence comme cela a \u00e9t\u00e9 le cas lors de la pr\u00e9sentation de la nouvelle politique agricole \u00ab\u00a0Green G\u00e9n\u00e9ration\u00a0\u00bb aux chercheurs puis \u00e0 tous le personnel des diff\u00e9rents centres r\u00e9gionaux.<\/p>\n<p>Cette derni\u00e8re action est ainsi intervenue dans le cadre du processus de planification \u00e0 moyen terme de la recherche pour la p\u00e9riode 2021-2024 engag\u00e9 depuis le d\u00e9but de l\u2019ann\u00e9e en cours. Au niveau de notre centre r\u00e9gional, et apr\u00e8s la r\u00e9alisation du diagnostic agricole participatif de notre zone d\u2019action, la pr\u00e9sentation de \u00ab\u00a0Green G\u00e9n\u00e9ration\u00a0\u00bb a vis\u00e9 l\u2019appropriation de ces contenus par nos diff\u00e9rentes \u00e9quipes en vue de la proposition de projets de recherche et de recherche-d\u00e9veloppement en conformit\u00e9 avec ses objectifs.<\/p>\n<p>Cette nouvelle fa\u00e7on de faire ne manquera surement pas de donner une nouvelle impulsion et de marquer d\u2019une empreinte in\u00e9dite nos futurs travaux de recherche.<\/p>\n","protected":false},"excerpt":{"rendered":"<p>Bienvenue \u00e0 toutes les lectrices et \u00e0 tous les lecteurs, et bon ramadan, pour cette \u00e9dition de \u00ab\u00a0INRA Mekn\u00e8s Magazine\u00a0\u00bb diffus\u00e9e en confinement. Cette diffusion est en effet un autre t\u00e9moignage des derniers d\u00e9veloppements positifs qu\u2019enregistre notre nouveau mode de &hellip; <a href=\"http:\/\/mag.inrameknes.info\/?p=2340\">Continuer la lecture <span class=\"meta-nav\">&rarr;<\/span><\/a><\/p>\n","protected":false},"author":1,"featured_media":0,"comment_status":"closed","ping_status":"closed","sticky":false,"template":"","format":"standard","meta":{"footnotes":""},"categories":[1],"tags":[],"_links":{"self":[{"href":"http:\/\/mag.inrameknes.info\/index.php?rest_route=\/wp\/v2\/posts\/2340"}],"collection":[{"href":"http:\/\/mag.inrameknes.info\/index.php?rest_route=\/wp\/v2\/posts"}],"about":[{"href":"http:\/\/mag.inrameknes.info\/index.php?rest_route=\/wp\/v2\/types\/post"}],"author":[{"embeddable":true,"href":"http:\/\/mag.inrameknes.info\/index.php?rest_route=\/wp\/v2\/users\/1"}],"replies":[{"embeddable":true,"href":"http:\/\/mag.inrameknes.info\/index.php?rest_route=%2Fwp%2Fv2%2Fcomments&post=2340"}],"version-history":[{"count":6,"href":"http:\/\/mag.inrameknes.info\/index.php?rest_route=\/wp\/v2\/posts\/2340\/revisions"}],"predecessor-version":[{"id":2609,"href":"http:\/\/mag.inrameknes.info\/index.php?rest_route=\/wp\/v2\/posts\/2340\/revisions\/2609"}],"wp:attachment":[{"href":"http:\/\/mag.inrameknes.info\/index.php?rest_route=%2Fwp%2Fv2%2Fmedia&parent=2340"}],"wp:term":[{"taxonomy":"category","embeddable":true,"href":"http:\/\/mag.inrameknes.info\/index.php?rest_route=%2Fwp%2Fv2%2Fcategories&post=2340"},{"taxonomy":"post_tag","embeddable":true,"href":"http:\/\/mag.inrameknes.info\/index.php?rest_route=%2Fwp%2Fv2%2Ftags&post=2340"}],"curies":[{"name":"wp","href":"https:\/\/api.w.org\/{rel}","templated":true}]}}